{"id":23,"count":18,"description":"<strong>Digital und vor Ort<\/strong>\r\n\r\nW\u00e4hrend der Corona-Pandemie hat sich einiges ge\u00e4ndert. Veranstaltungen konnten zu gro\u00dfen Teilen nicht mehr wie gewohnt stattfinden. Nach einiger Zeit hat sich daraus ein neues Umsetzungsformat in der bekannten Programmreihe \"Schnack mit...\" entwickelt.\r\n\r\nSo besteht seitdem die M\u00f6glichkeit, geladene G\u00e4ste auch vor Ort in der jeweiligen Wirkungsst\u00e4tte besuchen zu k\u00f6nnen.\r\n\r\nDas hat zu einigen tollen Erlebnissen gef\u00fchrt, wie zum Beispiel der unvergesslichen Stadtf\u00fchrung von Oliver Grieb (OliDayTours) durch die Stra\u00dfen von New York. Auch eine pers\u00f6nliche F\u00fchrung durch den Bremer Friedenstunnel oder in K\u00fcnstlerateliers ist seitdem m\u00f6glich.\r\n\r\nDie Besuchenden kommen dabei weiterhin vor Ort im Nachbarschaftshaus Helene Kaisen zusammen und sind Live dazugeschaltet, w\u00e4hrend Christine Renken die Gespr\u00e4chsg\u00e4ste vor Ort begleitet. Die G\u00e4ste im na\u2019 haben jederzeit die M\u00f6glichkeit Fragen zu stellen und mitzuschnacken.\r\n\r\nAuch Aufzeichnungen hat es seit den neuen Begebenheiten gegeben, sodass die einzelnen Gespr\u00e4chstreffen nun digital verf\u00fcgbar sind (zu Teilen mit Videomitschnitten, zu Teilen auch Audiomitschnitte).","link":"https:\/\/na-bremen.de\/en\/category\/schnack-mit\/","name":"Schnack mit...","slug":"schnack-mit","taxonomy":"category","parent":0,"meta":[],"yoast_head":"<!-- This site is optimized with the Yoast SEO plugin v27.2 - https:\/\/yoast.com\/product\/yoast-seo-wordpress\/ -->\n<title>Schnack mit... Archive - na&#039;<\/title>\n<meta name=\"robots\" content=\"index, follow, max-snippet:-1, max-image-preview:large, max-video-preview:-1\" \/>\n<link rel=\"canonical\" href=\"https:\/\/na-bremen.de\/category\/schnack-mit\/\" \/>\n<meta property=\"og:locale\" content=\"en_US\" \/>\n<meta property=\"og:type\" content=\"article\" \/>\n<meta property=\"og:title\" content=\"Schnack mit... Archive - na&#039;\" \/>\n<meta property=\"og:description\" content=\"Digital und vor Ort  W\u00e4hrend der Corona-Pandemie hat sich einiges ge\u00e4ndert. Veranstaltungen konnten zu gro\u00dfen Teilen nicht mehr wie gewohnt stattfinden. Nach einiger Zeit hat sich daraus ein neues Umsetzungsformat in der bekannten Programmreihe &quot;Schnack mit...&quot; entwickelt.  So besteht seitdem die M\u00f6glichkeit, geladene G\u00e4ste auch vor Ort in der jeweiligen Wirkungsst\u00e4tte besuchen zu k\u00f6nnen.  Das hat zu einigen tollen Erlebnissen gef\u00fchrt, wie zum Beispiel der unvergesslichen Stadtf\u00fchrung von Oliver Grieb (OliDayTours) durch die Stra\u00dfen von New York. Auch eine pers\u00f6nliche F\u00fchrung durch den Bremer Friedenstunnel oder in K\u00fcnstlerateliers ist seitdem m\u00f6glich.  Die Besuchenden kommen dabei weiterhin vor Ort im Nachbarschaftshaus Helene Kaisen zusammen und sind Live dazugeschaltet, w\u00e4hrend Christine Renken die Gespr\u00e4chsg\u00e4ste vor Ort begleitet. Die G\u00e4ste im na\u2019 haben jederzeit die M\u00f6glichkeit Fragen zu stellen und mitzuschnacken.  Auch Aufzeichnungen hat es seit den neuen Begebenheiten gegeben, sodass die einzelnen Gespr\u00e4chstreffen nun digital verf\u00fcgbar sind (zu Teilen mit Videomitschnitten, zu Teilen auch Audiomitschnitte).\" \/>\n<meta property=\"og:url\" content=\"https:\/\/na-bremen.de\/category\/schnack-mit\/\" \/>\n<meta property=\"og:site_name\" content=\"na&#039;\" \/>\n<meta name=\"twitter:card\" content=\"summary_large_image\" \/>\n<script type=\"application\/ld+json\" class=\"yoast-schema-graph\">{\"@context\":\"https:\/\/schema.org\",\"@graph\":[{\"@type\":\"CollectionPage\",\"@id\":\"https:\/\/na-bremen.de\/en\/category\/schnack-mit\/\",\"url\":\"https:\/\/na-bremen.de\/en\/category\/schnack-mit\/\",\"name\":\"Schnack mit... Archive - na&#039;\",\"isPartOf\":{\"@id\":\"https:\/\/na-bremen.de\/#website\"},\"breadcrumb\":{\"@id\":\"https:\/\/na-bremen.de\/en\/category\/schnack-mit\/#breadcrumb\"},\"inLanguage\":\"en-US\",\"description\":\"\"},{\"@type\":\"BreadcrumbList\",\"@id\":\"https:\/\/na-bremen.de\/category\/schnack-mit\/#breadcrumb\",\"itemListElement\":[{\"@type\":\"ListItem\",\"position\":1,\"name\":\"Startseite\",\"item\":\"https:\/\/na-bremen.de\/\"},{\"@type\":\"ListItem\",\"position\":2,\"name\":\"Schnack mit...\"}]},{\"@type\":\"WebSite\",\"@id\":\"https:\/\/na-bremen.de\/#website\",\"url\":\"https:\/\/na-bremen.de\/\",\"name\":\"na&#039;\",\"description\":\"neighborhood house Helen Kaisen\",\"publisher\":{\"@id\":\"https:\/\/na-bremen.de\/#organization\"},\"potentialAction\":[{\"@type\":\"SearchAction\",\"target\":{\"@type\":\"EntryPoint\",\"urlTemplate\":\"https:\/\/na-bremen.de\/?s={search_term_string}\"},\"query-input\":{\"@type\":\"PropertyValueSpecification\",\"valueRequired\":true,\"valueName\":\"search_term_string\"}}],\"inLanguage\":\"en-US\"},{\"@type\":\"Organization\",\"@id\":\"https:\/\/na-bremen.de\/#organization\",\"name\":\"Nachbarschaftshaus Helene Kaisen\",\"alternateName\":\"na'\",\"url\":\"https:\/\/na-bremen.de\/\",\"logo\":{\"@type\":\"ImageObject\",\"inLanguage\":\"en-US\",\"@id\":\"https:\/\/na-bremen.de\/#\/schema\/logo\/image\/\",\"url\":\"https:\/\/na-bremen.de\/wp-content\/uploads\/2023\/02\/logo-na.svg\",\"contentUrl\":\"https:\/\/na-bremen.de\/wp-content\/uploads\/2023\/02\/logo-na.svg\",\"width\":75,\"height\":75,\"caption\":\"Nachbarschaftshaus Helene Kaisen\"},\"image\":{\"@id\":\"https:\/\/na-bremen.de\/#\/schema\/logo\/image\/\"}}]}<\/script>\n<!-- \/ Yoast SEO plugin. -->","yoast_head_json":{"title":"Schnack mit... Archive - na&#039;","description":"Digital und vor Ort\r\n\r\nW\u00e4hrend der Corona-Pandemie hat sich einiges ge\u00e4ndert. Veranstaltungen konnten zu gro\u00dfen Teilen nicht mehr wie gewohnt stattfinden. Nach einiger Zeit hat sich daraus ein neues Umsetzungsformat in der bekannten Programmreihe \"Schnack mit...\" entwickelt.\r\n\r\nSo besteht seitdem die M\u00f6glichkeit, geladene G\u00e4ste auch vor Ort in der jeweiligen Wirkungsst\u00e4tte besuchen zu k\u00f6nnen.\r\n\r\nDas hat zu einigen tollen Erlebnissen gef\u00fchrt, wie zum Beispiel der unvergesslichen Stadtf\u00fchrung von Oliver Grieb (OliDayTours) durch die Stra\u00dfen von New York. Auch eine pers\u00f6nliche F\u00fchrung durch den Bremer Friedenstunnel oder in K\u00fcnstlerateliers ist seitdem m\u00f6glich.\r\n\r\nDie Besuchenden kommen dabei weiterhin vor Ort im Nachbarschaftshaus Helene Kaisen zusammen und sind Live dazugeschaltet, w\u00e4hrend Christine Renken die Gespr\u00e4chsg\u00e4ste vor Ort begleitet. Die G\u00e4ste im na\u2019 haben jederzeit die M\u00f6glichkeit Fragen zu stellen und mitzuschnacken.\r\n\r\nAuch Aufzeichnungen hat es seit den neuen Begebenheiten gegeben, sodass die einzelnen Gespr\u00e4chstreffen nun digital verf\u00fcgbar sind (zu Teilen mit Videomitschnitten, zu Teilen auch Audiomitschnitte).","robots":{"index":"index","follow":"follow","max-snippet":"max-snippet:-1","max-image-preview":"max-image-preview:large","max-video-preview":"max-video-preview:-1"},"canonical":"https:\/\/na-bremen.de\/category\/schnack-mit\/","og_locale":"en_US","og_type":"article","og_title":"Schnack mit... Archive - na&#039;","og_description":"Digital und vor Ort  W\u00e4hrend der Corona-Pandemie hat sich einiges ge\u00e4ndert. Veranstaltungen konnten zu gro\u00dfen Teilen nicht mehr wie gewohnt stattfinden. Nach einiger Zeit hat sich daraus ein neues Umsetzungsformat in der bekannten Programmreihe \"Schnack mit...\" entwickelt.  So besteht seitdem die M\u00f6glichkeit, geladene G\u00e4ste auch vor Ort in der jeweiligen Wirkungsst\u00e4tte besuchen zu k\u00f6nnen.  Das hat zu einigen tollen Erlebnissen gef\u00fchrt, wie zum Beispiel der unvergesslichen Stadtf\u00fchrung von Oliver Grieb (OliDayTours) durch die Stra\u00dfen von New York. Auch eine pers\u00f6nliche F\u00fchrung durch den Bremer Friedenstunnel oder in K\u00fcnstlerateliers ist seitdem m\u00f6glich.  Die Besuchenden kommen dabei weiterhin vor Ort im Nachbarschaftshaus Helene Kaisen zusammen und sind Live dazugeschaltet, w\u00e4hrend Christine Renken die Gespr\u00e4chsg\u00e4ste vor Ort begleitet. Die G\u00e4ste im na\u2019 haben jederzeit die M\u00f6glichkeit Fragen zu stellen und mitzuschnacken.  Auch Aufzeichnungen hat es seit den neuen Begebenheiten gegeben, sodass die einzelnen Gespr\u00e4chstreffen nun digital verf\u00fcgbar sind (zu Teilen mit Videomitschnitten, zu Teilen auch Audiomitschnitte).","og_url":"https:\/\/na-bremen.de\/category\/schnack-mit\/","og_site_name":"na&#039;","twitter_card":"summary_large_image","schema":{"@context":"https:\/\/schema.org","@graph":[{"@type":"CollectionPage","@id":"https:\/\/na-bremen.de\/en\/category\/schnack-mit\/","url":"https:\/\/na-bremen.de\/en\/category\/schnack-mit\/","name":"Schnack mit... Archive - na&#039;","isPartOf":{"@id":"https:\/\/na-bremen.de\/#website"},"breadcrumb":{"@id":"https:\/\/na-bremen.de\/en\/category\/schnack-mit\/#breadcrumb"},"inLanguage":"en-US","description":""},{"@type":"BreadcrumbList","@id":"https:\/\/na-bremen.de\/category\/schnack-mit\/#breadcrumb","itemListElement":[{"@type":"ListItem","position":1,"name":"Startseite","item":"https:\/\/na-bremen.de\/"},{"@type":"ListItem","position":2,"name":"Schnack mit..."}]},{"@type":"WebSite","@id":"https:\/\/na-bremen.de\/#website","url":"https:\/\/na-bremen.de\/","name":"na&#039;","description":"neighborhood house Helen Kaisen","publisher":{"@id":"https:\/\/na-bremen.de\/#organization"},"potentialAction":[{"@type":"SearchAction","target":{"@type":"EntryPoint","urlTemplate":"https:\/\/na-bremen.de\/?s={search_term_string}"},"query-input":{"@type":"PropertyValueSpecification","valueRequired":true,"valueName":"search_term_string"}}],"inLanguage":"en-US"},{"@type":"Organization","@id":"https:\/\/na-bremen.de\/#organization","name":"Nachbarschaftshaus Helene Kaisen","alternateName":"na'","url":"https:\/\/na-bremen.de\/","logo":{"@type":"ImageObject","inLanguage":"en-US","@id":"https:\/\/na-bremen.de\/#\/schema\/logo\/image\/","url":"https:\/\/na-bremen.de\/wp-content\/uploads\/2023\/02\/logo-na.svg","contentUrl":"https:\/\/na-bremen.de\/wp-content\/uploads\/2023\/02\/logo-na.svg","width":75,"height":75,"caption":"Nachbarschaftshaus Helene Kaisen"},"image":{"@id":"https:\/\/na-bremen.de\/#\/schema\/logo\/image\/"}}]}},"_links":{"self":[{"href":"https:\/\/na-bremen.de\/en\/wp-json\/wp\/v2\/categories\/23","targetHints":{"allow":["GET"]}}],"collection":[{"href":"https:\/\/na-bremen.de\/en\/wp-json\/wp\/v2\/categories"}],"about":[{"href":"https:\/\/na-bremen.de\/en\/wp-json\/wp\/v2\/taxonomies\/category"}],"wp:post_type":[{"href":"https:\/\/na-bremen.de\/en\/wp-json\/wp\/v2\/posts?categories=23"}],"curies":[{"name":"wp","href":"https:\/\/api.w.org\/{rel}","templated":true}]}}