{"id":5,"count":1,"description":"<p>Gr\u00f6pelingen ist ein Stadtteil mit vielen Gesichtern. Dies ist wohl die Haupterkenntnis, die wir Studierenden aus dem politikwissenschaftlichen Studiengang ISPM der Hochschule Bremen nach dem Wintersemester 2020\/21 treffen k\u00f6nnen. In Kooperation mit dem Nachbarschaftshaus (na') und dem B\u00fcrgerInformationsService (BIS) haben wir ein kleines Dokumentationsprojekt entwickelt.<\/p>\r\n<p>Unser Ziel war es die Menschen in Gr\u00f6pelingen, die sich in den vielen Einrichtungen zur sozialen Unterst\u00fctzung und F\u00f6rderung einer solidarischen Nachbarschaft engagieren sichtbar zu machen. Denn durch ihre Arbeit wird vielen Menschen mit ihren Sorgen und N\u00f6ten geholfen. Wir haben mit den Akteur*innen \u00fcber die Wichtigkeit ihrer Arbeit, ihre Angebote und den Stadtteil Gr\u00f6pelingen geredet.<\/p>\r\n<p>Die Ergebnisse unserer Recherchen und Interviews k\u00f6nnen nun hier auf der Website angeschaut werden. Es sind 5 Portraits zu 5 beeindruckenden Akteur*innen im Stadtteil entstanden. Au\u00dferdem haben wir all unsere Erkenntnisse in der Brosch\u00fcre \"Faces of Gr\u00f6pelingen\" festgehalten. <span>Viel Spa\u00df beim Lesen<span><\/p>","link":"https:\/\/na-bremen.de\/en\/category\/faces-of-groepelingen\/","name":"Faces of Gr\u00f6pelingen","slug":"faces-of-groepelingen","taxonomy":"category","parent":0,"meta":[],"yoast_head":"<!-- This site is optimized with the Yoast SEO plugin v27.2 - https:\/\/yoast.com\/product\/yoast-seo-wordpress\/ -->\n<title>Faces of Gr\u00f6pelingen Archive - na&#039;<\/title>\n<meta name=\"robots\" content=\"index, follow, max-snippet:-1, max-image-preview:large, max-video-preview:-1\" \/>\n<link rel=\"canonical\" href=\"https:\/\/na-bremen.de\/category\/faces-of-groepelingen\/\" \/>\n<meta property=\"og:locale\" content=\"en_US\" \/>\n<meta property=\"og:type\" content=\"article\" \/>\n<meta property=\"og:title\" content=\"Faces of Gr\u00f6pelingen Archive - na&#039;\" \/>\n<meta property=\"og:description\" content=\"Gr\u00f6pelingen ist ein Stadtteil mit vielen Gesichtern. Dies ist wohl die Haupterkenntnis, die wir Studierenden aus dem politikwissenschaftlichen Studiengang ISPM der Hochschule Bremen nach dem Wintersemester 2020\/21 treffen k\u00f6nnen. In Kooperation mit dem Nachbarschaftshaus (na&#039;) und dem B\u00fcrgerInformationsService (BIS) haben wir ein kleines Dokumentationsprojekt entwickelt. Unser Ziel war es die Menschen in Gr\u00f6pelingen, die sich in den vielen Einrichtungen zur sozialen Unterst\u00fctzung und F\u00f6rderung einer solidarischen Nachbarschaft engagieren sichtbar zu machen. Denn durch ihre Arbeit wird vielen Menschen mit ihren Sorgen und N\u00f6ten geholfen. Wir haben mit den Akteur*innen \u00fcber die Wichtigkeit ihrer Arbeit, ihre Angebote und den Stadtteil Gr\u00f6pelingen geredet. Die Ergebnisse unserer Recherchen und Interviews k\u00f6nnen nun hier auf der Website angeschaut werden. Es sind 5 Portraits zu 5 beeindruckenden Akteur*innen im Stadtteil entstanden. Au\u00dferdem haben wir all unsere Erkenntnisse in der Brosch\u00fcre &quot;Faces of Gr\u00f6pelingen&quot; festgehalten. Viel Spa\u00df beim Lesen\" \/>\n<meta property=\"og:url\" content=\"https:\/\/na-bremen.de\/category\/faces-of-groepelingen\/\" \/>\n<meta property=\"og:site_name\" content=\"na&#039;\" \/>\n<meta name=\"twitter:card\" content=\"summary_large_image\" \/>\n<script type=\"application\/ld+json\" class=\"yoast-schema-graph\">{\"@context\":\"https:\/\/schema.org\",\"@graph\":[{\"@type\":\"CollectionPage\",\"@id\":\"https:\/\/na-bremen.de\/en\/category\/faces-of-groepelingen\/\",\"url\":\"https:\/\/na-bremen.de\/en\/category\/faces-of-groepelingen\/\",\"name\":\"Faces of Gr\u00f6pelingen Archive - na&#039;\",\"isPartOf\":{\"@id\":\"https:\/\/na-bremen.de\/#website\"},\"breadcrumb\":{\"@id\":\"https:\/\/na-bremen.de\/en\/category\/faces-of-groepelingen\/#breadcrumb\"},\"inLanguage\":\"en-US\",\"description\":\"\"},{\"@type\":\"BreadcrumbList\",\"@id\":\"https:\/\/na-bremen.de\/category\/faces-of-groepelingen\/#breadcrumb\",\"itemListElement\":[{\"@type\":\"ListItem\",\"position\":1,\"name\":\"Startseite\",\"item\":\"https:\/\/na-bremen.de\/\"},{\"@type\":\"ListItem\",\"position\":2,\"name\":\"Faces of Gr\u00f6pelingen\"}]},{\"@type\":\"WebSite\",\"@id\":\"https:\/\/na-bremen.de\/#website\",\"url\":\"https:\/\/na-bremen.de\/\",\"name\":\"na&#039;\",\"description\":\"neighborhood house Helen Kaisen\",\"publisher\":{\"@id\":\"https:\/\/na-bremen.de\/#organization\"},\"potentialAction\":[{\"@type\":\"SearchAction\",\"target\":{\"@type\":\"EntryPoint\",\"urlTemplate\":\"https:\/\/na-bremen.de\/?s={search_term_string}\"},\"query-input\":{\"@type\":\"PropertyValueSpecification\",\"valueRequired\":true,\"valueName\":\"search_term_string\"}}],\"inLanguage\":\"en-US\"},{\"@type\":\"Organization\",\"@id\":\"https:\/\/na-bremen.de\/#organization\",\"name\":\"Nachbarschaftshaus Helene Kaisen\",\"alternateName\":\"na'\",\"url\":\"https:\/\/na-bremen.de\/\",\"logo\":{\"@type\":\"ImageObject\",\"inLanguage\":\"en-US\",\"@id\":\"https:\/\/na-bremen.de\/#\/schema\/logo\/image\/\",\"url\":\"https:\/\/na-bremen.de\/wp-content\/uploads\/2023\/02\/logo-na.svg\",\"contentUrl\":\"https:\/\/na-bremen.de\/wp-content\/uploads\/2023\/02\/logo-na.svg\",\"width\":75,\"height\":75,\"caption\":\"Nachbarschaftshaus Helene Kaisen\"},\"image\":{\"@id\":\"https:\/\/na-bremen.de\/#\/schema\/logo\/image\/\"}}]}<\/script>\n<!-- \/ Yoast SEO plugin. -->","yoast_head_json":{"title":"Faces of Gr\u00f6pelingen Archive - na&#039;","description":"Gr\u00f6pelingen ist ein Stadtteil mit vielen Gesichtern. Dies ist wohl die Haupterkenntnis, die wir Studierenden aus dem politikwissenschaftlichen Studiengang ISPM der Hochschule Bremen nach dem Wintersemester 2020\/21 treffen k\u00f6nnen. In Kooperation mit dem Nachbarschaftshaus (na') und dem B\u00fcrgerInformationsService (BIS) haben wir ein kleines Dokumentationsprojekt entwickelt.\r\nUnser Ziel war es die Menschen in Gr\u00f6pelingen, die sich in den vielen Einrichtungen zur sozialen Unterst\u00fctzung und F\u00f6rderung einer solidarischen Nachbarschaft engagieren sichtbar zu machen. Denn durch ihre Arbeit wird vielen Menschen mit ihren Sorgen und N\u00f6ten geholfen. Wir haben mit den Akteur*innen \u00fcber die Wichtigkeit ihrer Arbeit, ihre Angebote und den Stadtteil Gr\u00f6pelingen geredet.\r\nDie Ergebnisse unserer Recherchen und Interviews k\u00f6nnen nun hier auf der Website angeschaut werden. Es sind 5 Portraits zu 5 beeindruckenden Akteur*innen im Stadtteil entstanden. Au\u00dferdem haben wir all unsere Erkenntnisse in der Brosch\u00fcre \"Faces of Gr\u00f6pelingen\" festgehalten. Viel Spa\u00df beim Lesen","robots":{"index":"index","follow":"follow","max-snippet":"max-snippet:-1","max-image-preview":"max-image-preview:large","max-video-preview":"max-video-preview:-1"},"canonical":"https:\/\/na-bremen.de\/category\/faces-of-groepelingen\/","og_locale":"en_US","og_type":"article","og_title":"Faces of Gr\u00f6pelingen Archive - na&#039;","og_description":"Gr\u00f6pelingen ist ein Stadtteil mit vielen Gesichtern. Dies ist wohl die Haupterkenntnis, die wir Studierenden aus dem politikwissenschaftlichen Studiengang ISPM der Hochschule Bremen nach dem Wintersemester 2020\/21 treffen k\u00f6nnen. In Kooperation mit dem Nachbarschaftshaus (na') und dem B\u00fcrgerInformationsService (BIS) haben wir ein kleines Dokumentationsprojekt entwickelt. Unser Ziel war es die Menschen in Gr\u00f6pelingen, die sich in den vielen Einrichtungen zur sozialen Unterst\u00fctzung und F\u00f6rderung einer solidarischen Nachbarschaft engagieren sichtbar zu machen. Denn durch ihre Arbeit wird vielen Menschen mit ihren Sorgen und N\u00f6ten geholfen. Wir haben mit den Akteur*innen \u00fcber die Wichtigkeit ihrer Arbeit, ihre Angebote und den Stadtteil Gr\u00f6pelingen geredet. Die Ergebnisse unserer Recherchen und Interviews k\u00f6nnen nun hier auf der Website angeschaut werden. Es sind 5 Portraits zu 5 beeindruckenden Akteur*innen im Stadtteil entstanden. Au\u00dferdem haben wir all unsere Erkenntnisse in der Brosch\u00fcre \"Faces of Gr\u00f6pelingen\" festgehalten. Viel Spa\u00df beim Lesen","og_url":"https:\/\/na-bremen.de\/category\/faces-of-groepelingen\/","og_site_name":"na&#039;","twitter_card":"summary_large_image","schema":{"@context":"https:\/\/schema.org","@graph":[{"@type":"CollectionPage","@id":"https:\/\/na-bremen.de\/en\/category\/faces-of-groepelingen\/","url":"https:\/\/na-bremen.de\/en\/category\/faces-of-groepelingen\/","name":"Faces of Gr\u00f6pelingen Archive - na&#039;","isPartOf":{"@id":"https:\/\/na-bremen.de\/#website"},"breadcrumb":{"@id":"https:\/\/na-bremen.de\/en\/category\/faces-of-groepelingen\/#breadcrumb"},"inLanguage":"en-US","description":""},{"@type":"BreadcrumbList","@id":"https:\/\/na-bremen.de\/category\/faces-of-groepelingen\/#breadcrumb","itemListElement":[{"@type":"ListItem","position":1,"name":"Startseite","item":"https:\/\/na-bremen.de\/"},{"@type":"ListItem","position":2,"name":"Faces of Gr\u00f6pelingen"}]},{"@type":"WebSite","@id":"https:\/\/na-bremen.de\/#website","url":"https:\/\/na-bremen.de\/","name":"na&#039;","description":"neighborhood house Helen Kaisen","publisher":{"@id":"https:\/\/na-bremen.de\/#organization"},"potentialAction":[{"@type":"SearchAction","target":{"@type":"EntryPoint","urlTemplate":"https:\/\/na-bremen.de\/?s={search_term_string}"},"query-input":{"@type":"PropertyValueSpecification","valueRequired":true,"valueName":"search_term_string"}}],"inLanguage":"en-US"},{"@type":"Organization","@id":"https:\/\/na-bremen.de\/#organization","name":"Nachbarschaftshaus Helene Kaisen","alternateName":"na'","url":"https:\/\/na-bremen.de\/","logo":{"@type":"ImageObject","inLanguage":"en-US","@id":"https:\/\/na-bremen.de\/#\/schema\/logo\/image\/","url":"https:\/\/na-bremen.de\/wp-content\/uploads\/2023\/02\/logo-na.svg","contentUrl":"https:\/\/na-bremen.de\/wp-content\/uploads\/2023\/02\/logo-na.svg","width":75,"height":75,"caption":"Nachbarschaftshaus Helene Kaisen"},"image":{"@id":"https:\/\/na-bremen.de\/#\/schema\/logo\/image\/"}}]}},"_links":{"self":[{"href":"https:\/\/na-bremen.de\/en\/wp-json\/wp\/v2\/categories\/5","targetHints":{"allow":["GET"]}}],"collection":[{"href":"https:\/\/na-bremen.de\/en\/wp-json\/wp\/v2\/categories"}],"about":[{"href":"https:\/\/na-bremen.de\/en\/wp-json\/wp\/v2\/taxonomies\/category"}],"wp:post_type":[{"href":"https:\/\/na-bremen.de\/en\/wp-json\/wp\/v2\/posts?categories=5"}],"curies":[{"name":"wp","href":"https:\/\/api.w.org\/{rel}","templated":true}]}}