{"id":4286,"date":"2026-04-29T10:10:00","date_gmt":"2026-04-29T08:10:00","guid":{"rendered":"https:\/\/na-bremen.de\/?p=4286"},"modified":"2026-04-29T10:13:28","modified_gmt":"2026-04-29T08:13:28","slug":"groepelinger-umwelt-und-klimafest","status":"publish","type":"post","link":"https:\/\/na-bremen.de\/en\/groepelinger-umwelt-und-klimafest\/","title":{"rendered":"Gr\u00f6pelinger Umwelt- und Klimafest"},"content":{"rendered":"\n<h2 class=\"wp-block-heading\">Mittwoch, 10. Juni 2026, 10:00 &#8211; 17:00 Uhr<\/h2>\n\n\n\n<h2 class=\"wp-block-heading\"><strong>B\u00fcrgermeister-Koschnick-Platz und Beim Ohlenhof Gr\u00f6pelingen<\/strong><\/h2>\n\n\n\n<figure class=\"wp-block-image size-large is-resized\"><img decoding=\"async\" width=\"1366\" height=\"1032\" src=\"https:\/\/na-bremen.de\/wp-content\/uploads\/2026\/04\/klimafest-groepelingen-2026.svg\" alt=\"\" class=\"wp-image-4302\" style=\"aspect-ratio:1.322848492306765;width:538px;height:auto\"\/><\/figure>\n\n\n\n<p><strong>Klimafest \u2013 F\u00fchlt sich gut an. Macht Spa\u00df. Bringt was.<\/strong><\/p>\n\n\n\n<p>Keine Lust auf trockene Infost\u00e4nde? Perfekt. Hier geht\u2019s um gutes Leben \u2013 entspannt, kreativ und mit richtig guter Atmosph\u00e4re.<\/p>\n\n\n\n<p>Kommt vorbei zum Ausprobieren und Genie\u00dfen: Leckeres Essen, entspannte Vibes, kreative Aktionen und viele Gelegenheiten, einfach mal etwas Neues zu testen. Ob Upcycling, Pflanzen tauschen, kleine DIY-Projekte oder spielerische Challenges \u2013 du entscheidet, worauf du Bock hast. Ein Tag voller Spa\u00df, Entdeckungen und gemeinsamer Erlebnisse wartet auf dich.<\/p>\n\n\n\n<p>Wer m\u00f6chte kann sich \u00fcber nachhaltige Ideen f\u00fcr den Alltag informieren \u2013 von Energiesparen \u00fcber Mobilit\u00e4t bis hin zu bewusstem Konsum.<\/p>\n\n\n\n<p>Nebenbei entdeckst du easy, wie Nachhaltigkeit deinen Alltag besser machen kann \u2013mit Style, Spa\u00df und guten Ideen. Einfach vorbeikommen und mitmachen \u2013 wir freuen uns auf dich!<\/p>\n\n\n\n<p><a href=\"https:\/\/energiekonsens.de\/veranstaltungen\/groepelinger-umwelt-und-klimafest\">Hier geht`s zum Progamm<\/a><\/p>\n\n\n\n<p>Veranstalter: energiekonsens <\/p>\n\n\n\n<p>In Kooperation mit: ADFC, AOK, Bauteilb\u00f6rse, Bremische Evangelische Kirche, BikePlace \u2013 BiwaQ, Quartierstreff WabeQ, BUB, BUND, CUYC, DBS, Erlebnisfarm Ohlenhof, Forum K\u00fcche, Kreisjugendwerk der AWO, Klimaquartier, Kinderschutzbund, KvO, Liga, Nachbarschaftshaus na, NOG, Oberschule im Park, Precious Plastic, RTL Kinderhaus, Sparkasse Gr\u00f6pelingen, VCD, Vonovia, WabeQ Klimaguides<\/p>\n\n\n\n<p><\/p>\n","protected":false},"excerpt":{"rendered":"<p>Mittwoch, 10. Juni, 10:00 &#8211; 17:00 Uhr, auf dem B\u00fcrgermeister-Koschnick-Platz und Beim Ohlenhof Gr\u00f6pelingen.<\/p>\n","protected":false},"author":2,"featured_media":4302,"comment_status":"closed","ping_status":"closed","sticky":false,"template":"","format":"standard","meta":{"_EventAllDay":false,"_EventTimezone":"","_EventStartDate":"","_EventEndDate":"","_EventStartDateUTC":"","_EventEndDateUTC":"","_EventShowMap":false,"_EventShowMapLink":false,"_EventURL":"","_EventCost":"","_EventCostDescription":"","_EventCurrencySymbol":"","_EventCurrencyCode":"","_EventCurrencyPosition":"","_EventDateTimeSeparator":"","_EventTimeRangeSeparator":"","_EventOrganizerID":[],"_EventVenueID":[],"_OrganizerEmail":"","_OrganizerPhone":"","_OrganizerWebsite":"","_VenueAddress":"","_VenueCity":"","_VenueCountry":"","_VenueProvince":"","_VenueState":"","_VenueZip":"","_VenuePhone":"","_VenueURL":"","_VenueStateProvince":"","_VenueLat":"","_VenueLng":"","_VenueShowMap":false,"_VenueShowMapLink":false,"footnotes":""},"categories":[1],"tags":[17],"class_list":["post-4286","post","type-post","status-publish","format-standard","has-post-thumbnail","hentry","category-allgemein","tag-aktuelles"],"translation":{"provider":"WPGlobus","version":"3.0.2","language":"en","enabled_languages":["de","en"],"languages":{"de":{"title":true,"content":true,"excerpt":true},"en":{"title":false,"content":false,"excerpt":false}}},"yoast_head":"<!-- This site is optimized with the Yoast SEO plugin v27.2 - https:\/\/yoast.com\/product\/yoast-seo-wordpress\/ -->\n<title>Gr\u00f6pelinger Umwelt- und Klimafest - na&#039;<\/title>\n<meta name=\"robots\" content=\"index, follow, max-snippet:-1, max-image-preview:large, max-video-preview:-1\" \/>\n<link rel=\"canonical\" href=\"https:\/\/na-bremen.de\/groepelinger-umwelt-und-klimafest\/\" \/>\n<meta property=\"og:locale\" content=\"en_US\" \/>\n<meta property=\"og:type\" content=\"article\" \/>\n<meta property=\"og:title\" content=\"Gr\u00f6pelinger Umwelt- und Klimafest - na&#039;\" \/>\n<meta property=\"og:url\" content=\"https:\/\/na-bremen.de\/groepelinger-umwelt-und-klimafest\/\" \/>\n<meta property=\"og:site_name\" content=\"na&#039;\" \/>\n<meta property=\"article:published_time\" content=\"2026-04-29T08:10:00+00:00\" \/>\n<meta property=\"article:modified_time\" content=\"2026-04-29T08:13:28+00:00\" \/>\n<meta name=\"author\" content=\"Guido Hanslik\" \/>\n<meta name=\"twitter:card\" content=\"summary_large_image\" \/>\n<meta name=\"twitter:label1\" content=\"Written by\" \/>\n\t<meta name=\"twitter:data1\" content=\"Guido Hanslik\" \/>\n\t<meta name=\"twitter:label2\" content=\"Est. reading time\" \/>\n\t<meta name=\"twitter:data2\" content=\"2 minutes\" \/>\n<script type=\"application\/ld+json\" class=\"yoast-schema-graph\">{\"@context\":\"https:\/\/schema.org\",\"@graph\":[{\"@type\":\"Article\",\"@id\":\"https:\/\/na-bremen.de\/groepelinger-umwelt-und-klimafest\/#article\",\"isPartOf\":{\"@id\":\"https:\/\/na-bremen.de\/groepelinger-umwelt-und-klimafest\/\"},\"author\":{\"name\":\"Guido Hanslik\",\"@id\":\"https:\/\/na-bremen.de\/#\/schema\/person\/a2e9fef5cf59c53f3e2b9ab9153dff05\"},\"headline\":\"Gr\u00f6pelinger Umwelt- und Klimafest\",\"datePublished\":\"2026-04-29T08:10:00+00:00\",\"dateModified\":\"2026-04-29T08:13:28+00:00\",\"mainEntityOfPage\":{\"@id\":\"https:\/\/na-bremen.de\/groepelinger-umwelt-und-klimafest\/\"},\"wordCount\":198,\"publisher\":{\"@id\":\"https:\/\/na-bremen.de\/#organization\"},\"image\":{\"@id\":\"https:\/\/na-bremen.de\/groepelinger-umwelt-und-klimafest\/#primaryimage\"},\"thumbnailUrl\":\"https:\/\/na-bremen.de\/wp-content\/uploads\/2026\/04\/klimafest-groepelingen-2026.svg\",\"keywords\":[\"Aktuelles\"],\"articleSection\":[\"Allgemein\"],\"inLanguage\":\"en-US\"},{\"@type\":\"WebPage\",\"@id\":\"https:\/\/na-bremen.de\/groepelinger-umwelt-und-klimafest\/\",\"url\":\"https:\/\/na-bremen.de\/groepelinger-umwelt-und-klimafest\/\",\"name\":\"Gr\u00f6pelinger Umwelt- und Klimafest - na&#039;\",\"isPartOf\":{\"@id\":\"https:\/\/na-bremen.de\/#website\"},\"primaryImageOfPage\":{\"@id\":\"https:\/\/na-bremen.de\/groepelinger-umwelt-und-klimafest\/#primaryimage\"},\"image\":{\"@id\":\"https:\/\/na-bremen.de\/groepelinger-umwelt-und-klimafest\/#primaryimage\"},\"thumbnailUrl\":\"https:\/\/na-bremen.de\/wp-content\/uploads\/2026\/04\/klimafest-groepelingen-2026.svg\",\"datePublished\":\"2026-04-29T08:10:00+00:00\",\"dateModified\":\"2026-04-29T08:13:28+00:00\",\"breadcrumb\":{\"@id\":\"https:\/\/na-bremen.de\/groepelinger-umwelt-und-klimafest\/#breadcrumb\"},\"inLanguage\":\"en-US\",\"potentialAction\":[{\"@type\":\"ReadAction\",\"target\":[\"https:\/\/na-bremen.de\/groepelinger-umwelt-und-klimafest\/\"]}]},{\"@type\":\"ImageObject\",\"inLanguage\":\"en-US\",\"@id\":\"https:\/\/na-bremen.de\/groepelinger-umwelt-und-klimafest\/#primaryimage\",\"url\":\"https:\/\/na-bremen.de\/wp-content\/uploads\/2026\/04\/klimafest-groepelingen-2026.svg\",\"contentUrl\":\"https:\/\/na-bremen.de\/wp-content\/uploads\/2026\/04\/klimafest-groepelingen-2026.svg\",\"width\":1366,\"height\":1032},{\"@type\":\"BreadcrumbList\",\"@id\":\"https:\/\/na-bremen.de\/groepelinger-umwelt-und-klimafest\/#breadcrumb\",\"itemListElement\":[{\"@type\":\"ListItem\",\"position\":1,\"name\":\"Startseite\",\"item\":\"https:\/\/na-bremen.de\/\"},{\"@type\":\"ListItem\",\"position\":2,\"name\":\"Gr\u00f6pelinger Umwelt- und Klimafest\"}]},{\"@type\":\"WebSite\",\"@id\":\"https:\/\/na-bremen.de\/#website\",\"url\":\"https:\/\/na-bremen.de\/\",\"name\":\"na&#039;\",\"description\":\"neighborhood house Helen Kaisen\",\"publisher\":{\"@id\":\"https:\/\/na-bremen.de\/#organization\"},\"potentialAction\":[{\"@type\":\"SearchAction\",\"target\":{\"@type\":\"EntryPoint\",\"urlTemplate\":\"https:\/\/na-bremen.de\/?s={search_term_string}\"},\"query-input\":{\"@type\":\"PropertyValueSpecification\",\"valueRequired\":true,\"valueName\":\"search_term_string\"}}],\"inLanguage\":\"en-US\"},{\"@type\":\"Organization\",\"@id\":\"https:\/\/na-bremen.de\/#organization\",\"name\":\"Nachbarschaftshaus Helene Kaisen\",\"alternateName\":\"na'\",\"url\":\"https:\/\/na-bremen.de\/\",\"logo\":{\"@type\":\"ImageObject\",\"inLanguage\":\"en-US\",\"@id\":\"https:\/\/na-bremen.de\/#\/schema\/logo\/image\/\",\"url\":\"https:\/\/na-bremen.de\/wp-content\/uploads\/2023\/02\/logo-na.svg\",\"contentUrl\":\"https:\/\/na-bremen.de\/wp-content\/uploads\/2023\/02\/logo-na.svg\",\"width\":75,\"height\":75,\"caption\":\"Nachbarschaftshaus Helene Kaisen\"},\"image\":{\"@id\":\"https:\/\/na-bremen.de\/#\/schema\/logo\/image\/\"}},{\"@type\":\"Person\",\"@id\":\"https:\/\/na-bremen.de\/#\/schema\/person\/a2e9fef5cf59c53f3e2b9ab9153dff05\",\"name\":\"Guido Hanslik\"}]}<\/script>\n<!-- \/ Yoast SEO plugin. -->","yoast_head_json":{"title":"Gr\u00f6pelinger Umwelt- und Klimafest - na&#039;","robots":{"index":"index","follow":"follow","max-snippet":"max-snippet:-1","max-image-preview":"max-image-preview:large","max-video-preview":"max-video-preview:-1"},"canonical":"https:\/\/na-bremen.de\/groepelinger-umwelt-und-klimafest\/","og_locale":"en_US","og_type":"article","og_title":"Gr\u00f6pelinger Umwelt- und Klimafest - na&#039;","og_url":"https:\/\/na-bremen.de\/groepelinger-umwelt-und-klimafest\/","og_site_name":"na&#039;","article_published_time":"2026-04-29T08:10:00+00:00","article_modified_time":"2026-04-29T08:13:28+00:00","author":"Guido Hanslik","twitter_card":"summary_large_image","twitter_misc":{"Written by":"Guido Hanslik","Est. reading time":"2 minutes"},"schema":{"@context":"https:\/\/schema.org","@graph":[{"@type":"Article","@id":"https:\/\/na-bremen.de\/groepelinger-umwelt-und-klimafest\/#article","isPartOf":{"@id":"https:\/\/na-bremen.de\/groepelinger-umwelt-und-klimafest\/"},"author":{"name":"Guido Hanslik","@id":"https:\/\/na-bremen.de\/#\/schema\/person\/a2e9fef5cf59c53f3e2b9ab9153dff05"},"headline":"Gr\u00f6pelinger Umwelt- und Klimafest","datePublished":"2026-04-29T08:10:00+00:00","dateModified":"2026-04-29T08:13:28+00:00","mainEntityOfPage":{"@id":"https:\/\/na-bremen.de\/groepelinger-umwelt-und-klimafest\/"},"wordCount":198,"publisher":{"@id":"https:\/\/na-bremen.de\/#organization"},"image":{"@id":"https:\/\/na-bremen.de\/groepelinger-umwelt-und-klimafest\/#primaryimage"},"thumbnailUrl":"https:\/\/na-bremen.de\/wp-content\/uploads\/2026\/04\/klimafest-groepelingen-2026.svg","keywords":["Aktuelles"],"articleSection":["Allgemein"],"inLanguage":"en-US"},{"@type":"WebPage","@id":"https:\/\/na-bremen.de\/groepelinger-umwelt-und-klimafest\/","url":"https:\/\/na-bremen.de\/groepelinger-umwelt-und-klimafest\/","name":"Gr\u00f6pelinger Umwelt- und Klimafest - na&#039;","isPartOf":{"@id":"https:\/\/na-bremen.de\/#website"},"primaryImageOfPage":{"@id":"https:\/\/na-bremen.de\/groepelinger-umwelt-und-klimafest\/#primaryimage"},"image":{"@id":"https:\/\/na-bremen.de\/groepelinger-umwelt-und-klimafest\/#primaryimage"},"thumbnailUrl":"https:\/\/na-bremen.de\/wp-content\/uploads\/2026\/04\/klimafest-groepelingen-2026.svg","datePublished":"2026-04-29T08:10:00+00:00","dateModified":"2026-04-29T08:13:28+00:00","breadcrumb":{"@id":"https:\/\/na-bremen.de\/groepelinger-umwelt-und-klimafest\/#breadcrumb"},"inLanguage":"en-US","potentialAction":[{"@type":"ReadAction","target":["https:\/\/na-bremen.de\/groepelinger-umwelt-und-klimafest\/"]}]},{"@type":"ImageObject","inLanguage":"en-US","@id":"https:\/\/na-bremen.de\/groepelinger-umwelt-und-klimafest\/#primaryimage","url":"https:\/\/na-bremen.de\/wp-content\/uploads\/2026\/04\/klimafest-groepelingen-2026.svg","contentUrl":"https:\/\/na-bremen.de\/wp-content\/uploads\/2026\/04\/klimafest-groepelingen-2026.svg","width":1366,"height":1032},{"@type":"BreadcrumbList","@id":"https:\/\/na-bremen.de\/groepelinger-umwelt-und-klimafest\/#breadcrumb","itemListElement":[{"@type":"ListItem","position":1,"name":"Startseite","item":"https:\/\/na-bremen.de\/"},{"@type":"ListItem","position":2,"name":"Gr\u00f6pelinger Umwelt- und Klimafest"}]},{"@type":"WebSite","@id":"https:\/\/na-bremen.de\/#website","url":"https:\/\/na-bremen.de\/","name":"na&#039;","description":"neighborhood house Helen Kaisen","publisher":{"@id":"https:\/\/na-bremen.de\/#organization"},"potentialAction":[{"@type":"SearchAction","target":{"@type":"EntryPoint","urlTemplate":"https:\/\/na-bremen.de\/?s={search_term_string}"},"query-input":{"@type":"PropertyValueSpecification","valueRequired":true,"valueName":"search_term_string"}}],"inLanguage":"en-US"},{"@type":"Organization","@id":"https:\/\/na-bremen.de\/#organization","name":"Nachbarschaftshaus Helene Kaisen","alternateName":"na'","url":"https:\/\/na-bremen.de\/","logo":{"@type":"ImageObject","inLanguage":"en-US","@id":"https:\/\/na-bremen.de\/#\/schema\/logo\/image\/","url":"https:\/\/na-bremen.de\/wp-content\/uploads\/2023\/02\/logo-na.svg","contentUrl":"https:\/\/na-bremen.de\/wp-content\/uploads\/2023\/02\/logo-na.svg","width":75,"height":75,"caption":"Nachbarschaftshaus Helene Kaisen"},"image":{"@id":"https:\/\/na-bremen.de\/#\/schema\/logo\/image\/"}},{"@type":"Person","@id":"https:\/\/na-bremen.de\/#\/schema\/person\/a2e9fef5cf59c53f3e2b9ab9153dff05","name":"Guido Hanslik"}]}},"_links":{"self":[{"href":"https:\/\/na-bremen.de\/en\/wp-json\/wp\/v2\/posts\/4286","targetHints":{"allow":["GET"]}}],"collection":[{"href":"https:\/\/na-bremen.de\/en\/wp-json\/wp\/v2\/posts"}],"about":[{"href":"https:\/\/na-bremen.de\/en\/wp-json\/wp\/v2\/types\/post"}],"author":[{"embeddable":true,"href":"https:\/\/na-bremen.de\/en\/wp-json\/wp\/v2\/users\/2"}],"replies":[{"embeddable":true,"href":"https:\/\/na-bremen.de\/en\/wp-json\/wp\/v2\/comments?post=4286"}],"version-history":[{"count":3,"href":"https:\/\/na-bremen.de\/en\/wp-json\/wp\/v2\/posts\/4286\/revisions"}],"predecessor-version":[{"id":4314,"href":"https:\/\/na-bremen.de\/en\/wp-json\/wp\/v2\/posts\/4286\/revisions\/4314"}],"wp:featuredmedia":[{"embeddable":true,"href":"https:\/\/na-bremen.de\/en\/wp-json\/wp\/v2\/media\/4302"}],"wp:attachment":[{"href":"https:\/\/na-bremen.de\/en\/wp-json\/wp\/v2\/media?parent=4286"}],"wp:term":[{"taxonomy":"category","embeddable":true,"href":"https:\/\/na-bremen.de\/en\/wp-json\/wp\/v2\/categories?post=4286"},{"taxonomy":"post_tag","embeddable":true,"href":"https:\/\/na-bremen.de\/en\/wp-json\/wp\/v2\/tags?post=4286"}],"curies":[{"name":"wp","href":"https:\/\/api.w.org\/{rel}","templated":true}]}}