{"id":4712,"date":"2026-09-02T14:28:27","date_gmt":"2026-09-02T12:28:27","guid":{"rendered":"https:\/\/na-bremen.de\/?p=4712"},"modified":"2026-09-02T14:28:29","modified_gmt":"2026-09-02T12:28:29","slug":"aktion-gutes-klima-gemeinsam-fuer-eine-klimafreundliche-zukunft","status":"publish","type":"post","link":"https:\/\/na-bremen.de\/en\/aktion-gutes-klima-gemeinsam-fuer-eine-klimafreundliche-zukunft\/","title":{"rendered":"Aktion GUTES KLIMA \u2013 Gemeinsam f\u00fcr eine klimafreundliche Zukunft"},"content":{"rendered":"\n<p class=\"wp-block-paragraph\"><\/p>\n\n\n\n<h2 class=\"wp-block-heading\">Was ist die Aktion GUTES KLIMA?<\/h2>\n\n\n\n<p class=\"wp-block-paragraph\"><strong>GUTES KLIMA ist eine j\u00e4hrliche Mitmachaktion \u2013 immer im September.<\/strong><\/p>\n\n\n\n<p class=\"wp-block-paragraph\">Die Aktion macht Engagement und Unterst\u00fctzung f\u00fcr den Klimaschutz sichtbar. Organisationen, Unternehmen, Einrichtungen und Einzelpersonen setzen gemeinsam ein Zeichen, bringen das Thema in die \u00d6ffentlichkeit und zeigen: <strong>Klimaschutz beginnt mit konkretem Handeln.<\/strong><\/p>\n\n\n\n<p class=\"wp-block-paragraph\">Gleichzeitig l\u00e4dt die Aktion dazu ein, mit Unterst\u00fctzung einer App den n\u00e4chsten pers\u00f6nlichen Schritt in Richtung einer klimafreundlichen Zukunft zu machen.<\/p>\n\n\n\n<h2 class=\"wp-block-heading\">Das Nachbarschaftshaus macht mit!<\/h2>\n\n\n\n<p class=\"wp-block-paragraph\">Auch das <strong>Nachbarschaftshaus<\/strong> beteiligt sich an der Aktion GUTES KLIMA und setzt ein konkretes Zeichen f\u00fcr mehr Klimaschutz vor Ort.<\/p>\n\n\n\n<p class=\"wp-block-paragraph\">Unser Beitrag ist die <strong>Installation einer Photovoltaikanlage (PV-Anlage) in Kombination mit einem Batteriespeicher<\/strong>. Damit m\u00f6chten wir k\u00fcnftig einen gr\u00f6\u00dferen Teil unseres Strombedarfs aus erneuerbarer Energie decken und die vor Ort erzeugte Solarenergie m\u00f6glichst effizient nutzen.<\/p>\n\n\n\n<p class=\"wp-block-paragraph\">Mit der neuen Anlage verbinden wir Klimaschutz mit einem nachhaltigen und zukunftsorientierten Betrieb unseres Nachbarschaftshauses.<\/p>\n\n\n\n<p class=\"wp-block-paragraph\"><strong>Unser Beitrag zeigt: Klimaschutz wird vor Ort konkret \u2013 und jeder Schritt z\u00e4hlt.<\/strong><\/p>\n\n\n\n<p class=\"wp-block-paragraph\"><\/p>\n\n\n\n<figure class=\"wp-block-image size-large is-resized\"><img decoding=\"async\" width=\"1024\" height=\"778\" src=\"https:\/\/na-bremen.de\/wp-content\/uploads\/2026\/09\/ZusatzBanner26SaeuleNaGroe_Quad-1024x778.jpg\" alt=\"\" class=\"wp-image-4717\" style=\"aspect-ratio:1.3162017924366713;width:498px;height:auto\" srcset=\"https:\/\/na-bremen.de\/wp-content\/uploads\/2026\/09\/ZusatzBanner26SaeuleNaGroe_Quad-1024x778.jpg 1024w, https:\/\/na-bremen.de\/wp-content\/uploads\/2026\/09\/ZusatzBanner26SaeuleNaGroe_Quad-300x228.jpg 300w, https:\/\/na-bremen.de\/wp-content\/uploads\/2026\/09\/ZusatzBanner26SaeuleNaGroe_Quad-768x584.jpg 768w, https:\/\/na-bremen.de\/wp-content\/uploads\/2026\/09\/ZusatzBanner26SaeuleNaGroe_Quad-50x38.jpg 50w, https:\/\/na-bremen.de\/wp-content\/uploads\/2026\/09\/ZusatzBanner26SaeuleNaGroe_Quad-1600x1216.jpg 1600w, https:\/\/na-bremen.de\/wp-content\/uploads\/2026\/09\/ZusatzBanner26SaeuleNaGroe_Quad-1536x1167.jpg 1536w, https:\/\/na-bremen.de\/wp-content\/uploads\/2026\/09\/ZusatzBanner26SaeuleNaGroe_Quad.jpg 1920w\" sizes=\"(max-width: 1024px) 100vw, 1024px\" \/><\/figure>\n\n\n\n<h2 class=\"wp-block-heading\">Unterst\u00fctzt und gef\u00f6rdert durch<\/h2>\n\n\n\n<p class=\"wp-block-paragraph\">Die Aktion GUTES KLIMA wird unterst\u00fctzt durch die <strong>Senatorin f\u00fcr Umwelt, Klima und Wissenschaft der Freien Hansestadt Bremen<\/strong> sowie die <strong>Deutsche Postcode Lotterie<\/strong>.<\/p>\n\n\n\n<figure class=\"wp-block-image size-large is-resized\"><img decoding=\"async\" width=\"1024\" height=\"293\" src=\"https:\/\/na-bremen.de\/wp-content\/uploads\/2026\/09\/Logos-fuer-Homepage-zusammen-gefuehrt-e1788351390312-1024x293.jpg\" alt=\"\" class=\"wp-image-4716\" style=\"aspect-ratio:3.494903177319758;width:594px;height:auto\" srcset=\"https:\/\/na-bremen.de\/wp-content\/uploads\/2026\/09\/Logos-fuer-Homepage-zusammen-gefuehrt-e1788351390312-1024x293.jpg 1024w, https:\/\/na-bremen.de\/wp-content\/uploads\/2026\/09\/Logos-fuer-Homepage-zusammen-gefuehrt-e1788351390312-300x86.jpg 300w, https:\/\/na-bremen.de\/wp-content\/uploads\/2026\/09\/Logos-fuer-Homepage-zusammen-gefuehrt-e1788351390312-768x219.jpg 768w, https:\/\/na-bremen.de\/wp-content\/uploads\/2026\/09\/Logos-fuer-Homepage-zusammen-gefuehrt-e1788351390312-50x14.jpg 50w, https:\/\/na-bremen.de\/wp-content\/uploads\/2026\/09\/Logos-fuer-Homepage-zusammen-gefuehrt-e1788351390312.jpg 1050w\" sizes=\"(max-width: 1024px) 100vw, 1024px\" \/><\/figure>\n\n\n\n<p class=\"wp-block-paragraph\"><\/p>\n\n\n\n<h2 class=\"wp-block-heading\">Interesse an der Aktion GUTES KLIMA?<\/h2>\n\n\n\n<p class=\"wp-block-paragraph\">Sie m\u00f6chtenselbst mitmachen oder mit Ihrer Organisation, Unternehmen oder  Einrichtung dabei sein?<\/p>\n\n\n\n<p class=\"wp-block-paragraph\"><a href=\"https:\/\/aktiongutesklima.de\/\">Hier zur Aktion GUTES KLIMA anmelden!<\/a><\/p>\n\n\n\n<p class=\"wp-block-paragraph\"><\/p>\n\n\n\n<p class=\"wp-block-paragraph\"><strong>Uli F. Wischnath<\/strong><br>Projektkoordination Aktion GUTES KLIMA<\/p>\n\n\n\n<p class=\"wp-block-paragraph\"><\/p>\n\n\n\n<p class=\"wp-block-paragraph\"><strong>Machen Sie mit und zeigen Sie: GUTES KLIMA k\u00f6nnen wir gemeinsam gestalten!<\/strong><\/p>\n","protected":false},"excerpt":{"rendered":"<p>Auch das Nachbarschaftshaus beteiligt sich an der Aktion GUTES KLIMA und setzt ein konkretes Zeichen f\u00fcr mehr Klimaschutz vor Ort.<\/p>\n","protected":false},"author":2,"featured_media":4717,"comment_status":"closed","ping_status":"closed","sticky":false,"template":"","format":"standard","meta":{"_EventAllDay":false,"_EventTimezone":"","_EventStartDate":"","_EventEndDate":"","_EventStartDateUTC":"","_EventEndDateUTC":"","_EventShowMap":false,"_EventShowMapLink":false,"_EventURL":"","_EventCost":"","_EventCostDescription":"","_EventCurrencySymbol":"","_EventCurrencyCode":"","_EventCurrencyPosition":"","_EventDateTimeSeparator":"","_EventTimeRangeSeparator":"","_EventOrganizerID":[],"_EventVenueID":[],"_OrganizerEmail":"","_OrganizerPhone":"","_OrganizerWebsite":"","_VenueAddress":"","_VenueCity":"","_VenueCountry":"","_VenueProvince":"","_VenueState":"","_VenueZip":"","_VenuePhone":"","_VenueURL":"","_VenueStateProvince":"","_VenueLat":"","_VenueLng":"","_VenueShowMap":false,"_VenueShowMapLink":false,"footnotes":""},"categories":[1],"tags":[17],"class_list":["post-4712","post","type-post","status-publish","format-standard","has-post-thumbnail","hentry","category-allgemein","tag-aktuelles"],"translation":{"provider":"WPGlobus","version":"3.0.2","language":"en","enabled_languages":["de","en"],"languages":{"de":{"title":true,"content":true,"excerpt":true},"en":{"title":false,"content":false,"excerpt":false}}},"yoast_head":"<!-- This site is optimized with the Yoast SEO plugin v28.0 - https:\/\/yoast.com\/product\/yoast-seo-wordpress\/ -->\n<title>Aktion GUTES KLIMA \u2013 Gemeinsam f\u00fcr eine klimafreundliche Zukunft - na&#039;<\/title>\n<meta name=\"robots\" content=\"index, follow, max-snippet:-1, max-image-preview:large, max-video-preview:-1\" \/>\n<link rel=\"canonical\" href=\"https:\/\/na-bremen.de\/aktion-gutes-klima-gemeinsam-fuer-eine-klimafreundliche-zukunft\/\" \/>\n<meta property=\"og:locale\" content=\"en_US\" \/>\n<meta property=\"og:type\" content=\"article\" \/>\n<meta property=\"og:title\" content=\"Aktion GUTES KLIMA \u2013 Gemeinsam f\u00fcr eine klimafreundliche Zukunft - na&#039;\" \/>\n<meta property=\"og:url\" content=\"https:\/\/na-bremen.de\/aktion-gutes-klima-gemeinsam-fuer-eine-klimafreundliche-zukunft\/\" \/>\n<meta property=\"og:site_name\" content=\"na&#039;\" \/>\n<meta property=\"article:published_time\" content=\"2026-09-02T12:28:27+00:00\" \/>\n<meta property=\"article:modified_time\" content=\"2026-09-02T12:28:29+00:00\" \/>\n<meta property=\"og:image\" content=\"https:\/\/na-bremen.de\/wp-content\/uploads\/2026\/09\/ZusatzBanner26SaeuleNaGroe_Quad.jpg\" \/>\n\t<meta property=\"og:image:width\" content=\"1920\" \/>\n\t<meta property=\"og:image:height\" content=\"1459\" \/>\n\t<meta property=\"og:image:type\" content=\"image\/jpeg\" \/>\n<meta name=\"author\" content=\"Guido Hanslik\" \/>\n<meta name=\"twitter:card\" content=\"summary_large_image\" \/>\n<meta name=\"twitter:label1\" content=\"Written by\" \/>\n\t<meta name=\"twitter:data1\" content=\"Guido Hanslik\" \/>\n\t<meta name=\"twitter:label2\" content=\"Est. reading time\" \/>\n\t<meta name=\"twitter:data2\" content=\"2 minutes\" \/>\n<script type=\"application\/ld+json\" class=\"yoast-schema-graph\">{\"@context\":\"https:\\\/\\\/schema.org\",\"@graph\":[{\"@type\":\"Article\",\"@id\":\"https:\\\/\\\/na-bremen.de\\\/aktion-gutes-klima-gemeinsam-fuer-eine-klimafreundliche-zukunft\\\/#article\",\"isPartOf\":{\"@id\":\"https:\\\/\\\/na-bremen.de\\\/aktion-gutes-klima-gemeinsam-fuer-eine-klimafreundliche-zukunft\\\/\"},\"author\":{\"name\":\"Guido Hanslik\",\"@id\":\"https:\\\/\\\/na-bremen.de\\\/#\\\/schema\\\/person\\\/a2e9fef5cf59c53f3e2b9ab9153dff05\"},\"headline\":\"Aktion GUTES KLIMA \u2013 Gemeinsam f\u00fcr eine klimafreundliche Zukunft\",\"datePublished\":\"2026-09-02T12:28:27+00:00\",\"dateModified\":\"2026-09-02T12:28:29+00:00\",\"mainEntityOfPage\":{\"@id\":\"https:\\\/\\\/na-bremen.de\\\/aktion-gutes-klima-gemeinsam-fuer-eine-klimafreundliche-zukunft\\\/\"},\"wordCount\":252,\"publisher\":{\"@id\":\"https:\\\/\\\/na-bremen.de\\\/#organization\"},\"image\":{\"@id\":\"https:\\\/\\\/na-bremen.de\\\/aktion-gutes-klima-gemeinsam-fuer-eine-klimafreundliche-zukunft\\\/#primaryimage\"},\"thumbnailUrl\":\"https:\\\/\\\/na-bremen.de\\\/wp-content\\\/uploads\\\/2026\\\/09\\\/ZusatzBanner26SaeuleNaGroe_Quad.jpg\",\"keywords\":[\"Aktuelles\"],\"articleSection\":[\"Allgemein\"],\"inLanguage\":\"en-US\"},{\"@type\":\"WebPage\",\"@id\":\"https:\\\/\\\/na-bremen.de\\\/aktion-gutes-klima-gemeinsam-fuer-eine-klimafreundliche-zukunft\\\/\",\"url\":\"https:\\\/\\\/na-bremen.de\\\/aktion-gutes-klima-gemeinsam-fuer-eine-klimafreundliche-zukunft\\\/\",\"name\":\"Aktion GUTES KLIMA \u2013 Gemeinsam f\u00fcr eine klimafreundliche Zukunft - na&#039;\",\"isPartOf\":{\"@id\":\"https:\\\/\\\/na-bremen.de\\\/#website\"},\"primaryImageOfPage\":{\"@id\":\"https:\\\/\\\/na-bremen.de\\\/aktion-gutes-klima-gemeinsam-fuer-eine-klimafreundliche-zukunft\\\/#primaryimage\"},\"image\":{\"@id\":\"https:\\\/\\\/na-bremen.de\\\/aktion-gutes-klima-gemeinsam-fuer-eine-klimafreundliche-zukunft\\\/#primaryimage\"},\"thumbnailUrl\":\"https:\\\/\\\/na-bremen.de\\\/wp-content\\\/uploads\\\/2026\\\/09\\\/ZusatzBanner26SaeuleNaGroe_Quad.jpg\",\"datePublished\":\"2026-09-02T12:28:27+00:00\",\"dateModified\":\"2026-09-02T12:28:29+00:00\",\"breadcrumb\":{\"@id\":\"https:\\\/\\\/na-bremen.de\\\/aktion-gutes-klima-gemeinsam-fuer-eine-klimafreundliche-zukunft\\\/#breadcrumb\"},\"inLanguage\":\"en-US\",\"potentialAction\":[{\"@type\":\"ReadAction\",\"target\":[\"https:\\\/\\\/na-bremen.de\\\/aktion-gutes-klima-gemeinsam-fuer-eine-klimafreundliche-zukunft\\\/\"]}]},{\"@type\":\"ImageObject\",\"inLanguage\":\"en-US\",\"@id\":\"https:\\\/\\\/na-bremen.de\\\/aktion-gutes-klima-gemeinsam-fuer-eine-klimafreundliche-zukunft\\\/#primaryimage\",\"url\":\"https:\\\/\\\/na-bremen.de\\\/wp-content\\\/uploads\\\/2026\\\/09\\\/ZusatzBanner26SaeuleNaGroe_Quad.jpg\",\"contentUrl\":\"https:\\\/\\\/na-bremen.de\\\/wp-content\\\/uploads\\\/2026\\\/09\\\/ZusatzBanner26SaeuleNaGroe_Quad.jpg\",\"width\":1920,\"height\":1459},{\"@type\":\"BreadcrumbList\",\"@id\":\"https:\\\/\\\/na-bremen.de\\\/aktion-gutes-klima-gemeinsam-fuer-eine-klimafreundliche-zukunft\\\/#breadcrumb\",\"itemListElement\":[{\"@type\":\"ListItem\",\"position\":1,\"name\":\"Startseite\",\"item\":\"https:\\\/\\\/na-bremen.de\\\/\"},{\"@type\":\"ListItem\",\"position\":2,\"name\":\"Aktion GUTES KLIMA \u2013 Gemeinsam f\u00fcr eine klimafreundliche Zukunft\"}]},{\"@type\":\"WebSite\",\"@id\":\"https:\\\/\\\/na-bremen.de\\\/#website\",\"url\":\"https:\\\/\\\/na-bremen.de\\\/\",\"name\":\"na&#039;\",\"description\":\"neighborhood house Helen Kaisen\",\"publisher\":{\"@id\":\"https:\\\/\\\/na-bremen.de\\\/#organization\"},\"potentialAction\":[{\"@type\":\"SearchAction\",\"target\":{\"@type\":\"EntryPoint\",\"urlTemplate\":\"https:\\\/\\\/na-bremen.de\\\/?s={search_term_string}\"},\"query-input\":{\"@type\":\"PropertyValueSpecification\",\"valueRequired\":true,\"valueName\":\"search_term_string\"}}],\"inLanguage\":\"en-US\"},{\"@type\":\"Organization\",\"@id\":\"https:\\\/\\\/na-bremen.de\\\/#organization\",\"name\":\"Nachbarschaftshaus Helene Kaisen\",\"alternateName\":\"na'\",\"url\":\"https:\\\/\\\/na-bremen.de\\\/\",\"logo\":{\"@type\":\"ImageObject\",\"inLanguage\":\"en-US\",\"@id\":\"https:\\\/\\\/na-bremen.de\\\/#\\\/schema\\\/logo\\\/image\\\/\",\"url\":\"https:\\\/\\\/na-bremen.de\\\/wp-content\\\/uploads\\\/2023\\\/02\\\/logo-na.svg\",\"contentUrl\":\"https:\\\/\\\/na-bremen.de\\\/wp-content\\\/uploads\\\/2023\\\/02\\\/logo-na.svg\",\"width\":75,\"height\":75,\"caption\":\"Nachbarschaftshaus Helene Kaisen\"},\"image\":{\"@id\":\"https:\\\/\\\/na-bremen.de\\\/#\\\/schema\\\/logo\\\/image\\\/\"}},{\"@type\":\"Person\",\"@id\":\"https:\\\/\\\/na-bremen.de\\\/#\\\/schema\\\/person\\\/a2e9fef5cf59c53f3e2b9ab9153dff05\",\"name\":\"Guido Hanslik\"}]}<\/script>\n<!-- \/ Yoast SEO plugin. -->","yoast_head_json":{"title":"Aktion GUTES KLIMA \u2013 Gemeinsam f\u00fcr eine klimafreundliche Zukunft - na&#039;","robots":{"index":"index","follow":"follow","max-snippet":"max-snippet:-1","max-image-preview":"max-image-preview:large","max-video-preview":"max-video-preview:-1"},"canonical":"https:\/\/na-bremen.de\/aktion-gutes-klima-gemeinsam-fuer-eine-klimafreundliche-zukunft\/","og_locale":"en_US","og_type":"article","og_title":"Aktion GUTES KLIMA \u2013 Gemeinsam f\u00fcr eine klimafreundliche Zukunft - na&#039;","og_url":"https:\/\/na-bremen.de\/aktion-gutes-klima-gemeinsam-fuer-eine-klimafreundliche-zukunft\/","og_site_name":"na&#039;","article_published_time":"2026-09-02T12:28:27+00:00","article_modified_time":"2026-09-02T12:28:29+00:00","og_image":[{"width":1920,"height":1459,"url":"https:\/\/na-bremen.de\/wp-content\/uploads\/2026\/09\/ZusatzBanner26SaeuleNaGroe_Quad.jpg","type":"image\/jpeg"}],"author":"Guido Hanslik","twitter_card":"summary_large_image","twitter_misc":{"Written by":"Guido Hanslik","Est. reading time":"2 minutes"},"schema":{"@context":"https:\/\/schema.org","@graph":[{"@type":"Article","@id":"https:\/\/na-bremen.de\/aktion-gutes-klima-gemeinsam-fuer-eine-klimafreundliche-zukunft\/#article","isPartOf":{"@id":"https:\/\/na-bremen.de\/aktion-gutes-klima-gemeinsam-fuer-eine-klimafreundliche-zukunft\/"},"author":{"name":"Guido Hanslik","@id":"https:\/\/na-bremen.de\/#\/schema\/person\/a2e9fef5cf59c53f3e2b9ab9153dff05"},"headline":"Aktion GUTES KLIMA \u2013 Gemeinsam f\u00fcr eine klimafreundliche Zukunft","datePublished":"2026-09-02T12:28:27+00:00","dateModified":"2026-09-02T12:28:29+00:00","mainEntityOfPage":{"@id":"https:\/\/na-bremen.de\/aktion-gutes-klima-gemeinsam-fuer-eine-klimafreundliche-zukunft\/"},"wordCount":252,"publisher":{"@id":"https:\/\/na-bremen.de\/#organization"},"image":{"@id":"https:\/\/na-bremen.de\/aktion-gutes-klima-gemeinsam-fuer-eine-klimafreundliche-zukunft\/#primaryimage"},"thumbnailUrl":"https:\/\/na-bremen.de\/wp-content\/uploads\/2026\/09\/ZusatzBanner26SaeuleNaGroe_Quad.jpg","keywords":["Aktuelles"],"articleSection":["Allgemein"],"inLanguage":"en-US"},{"@type":"WebPage","@id":"https:\/\/na-bremen.de\/aktion-gutes-klima-gemeinsam-fuer-eine-klimafreundliche-zukunft\/","url":"https:\/\/na-bremen.de\/aktion-gutes-klima-gemeinsam-fuer-eine-klimafreundliche-zukunft\/","name":"Aktion GUTES KLIMA \u2013 Gemeinsam f\u00fcr eine klimafreundliche Zukunft - na&#039;","isPartOf":{"@id":"https:\/\/na-bremen.de\/#website"},"primaryImageOfPage":{"@id":"https:\/\/na-bremen.de\/aktion-gutes-klima-gemeinsam-fuer-eine-klimafreundliche-zukunft\/#primaryimage"},"image":{"@id":"https:\/\/na-bremen.de\/aktion-gutes-klima-gemeinsam-fuer-eine-klimafreundliche-zukunft\/#primaryimage"},"thumbnailUrl":"https:\/\/na-bremen.de\/wp-content\/uploads\/2026\/09\/ZusatzBanner26SaeuleNaGroe_Quad.jpg","datePublished":"2026-09-02T12:28:27+00:00","dateModified":"2026-09-02T12:28:29+00:00","breadcrumb":{"@id":"https:\/\/na-bremen.de\/aktion-gutes-klima-gemeinsam-fuer-eine-klimafreundliche-zukunft\/#breadcrumb"},"inLanguage":"en-US","potentialAction":[{"@type":"ReadAction","target":["https:\/\/na-bremen.de\/aktion-gutes-klima-gemeinsam-fuer-eine-klimafreundliche-zukunft\/"]}]},{"@type":"ImageObject","inLanguage":"en-US","@id":"https:\/\/na-bremen.de\/aktion-gutes-klima-gemeinsam-fuer-eine-klimafreundliche-zukunft\/#primaryimage","url":"https:\/\/na-bremen.de\/wp-content\/uploads\/2026\/09\/ZusatzBanner26SaeuleNaGroe_Quad.jpg","contentUrl":"https:\/\/na-bremen.de\/wp-content\/uploads\/2026\/09\/ZusatzBanner26SaeuleNaGroe_Quad.jpg","width":1920,"height":1459},{"@type":"BreadcrumbList","@id":"https:\/\/na-bremen.de\/aktion-gutes-klima-gemeinsam-fuer-eine-klimafreundliche-zukunft\/#breadcrumb","itemListElement":[{"@type":"ListItem","position":1,"name":"Startseite","item":"https:\/\/na-bremen.de\/"},{"@type":"ListItem","position":2,"name":"Aktion GUTES KLIMA \u2013 Gemeinsam f\u00fcr eine klimafreundliche Zukunft"}]},{"@type":"WebSite","@id":"https:\/\/na-bremen.de\/#website","url":"https:\/\/na-bremen.de\/","name":"na&#039;","description":"neighborhood house Helen Kaisen","publisher":{"@id":"https:\/\/na-bremen.de\/#organization"},"potentialAction":[{"@type":"SearchAction","target":{"@type":"EntryPoint","urlTemplate":"https:\/\/na-bremen.de\/?s={search_term_string}"},"query-input":{"@type":"PropertyValueSpecification","valueRequired":true,"valueName":"search_term_string"}}],"inLanguage":"en-US"},{"@type":"Organization","@id":"https:\/\/na-bremen.de\/#organization","name":"Nachbarschaftshaus Helene Kaisen","alternateName":"na'","url":"https:\/\/na-bremen.de\/","logo":{"@type":"ImageObject","inLanguage":"en-US","@id":"https:\/\/na-bremen.de\/#\/schema\/logo\/image\/","url":"https:\/\/na-bremen.de\/wp-content\/uploads\/2023\/02\/logo-na.svg","contentUrl":"https:\/\/na-bremen.de\/wp-content\/uploads\/2023\/02\/logo-na.svg","width":75,"height":75,"caption":"Nachbarschaftshaus Helene Kaisen"},"image":{"@id":"https:\/\/na-bremen.de\/#\/schema\/logo\/image\/"}},{"@type":"Person","@id":"https:\/\/na-bremen.de\/#\/schema\/person\/a2e9fef5cf59c53f3e2b9ab9153dff05","name":"Guido Hanslik"}]}},"_links":{"self":[{"href":"https:\/\/na-bremen.de\/en\/wp-json\/wp\/v2\/posts\/4712","targetHints":{"allow":["GET"]}}],"collection":[{"href":"https:\/\/na-bremen.de\/en\/wp-json\/wp\/v2\/posts"}],"about":[{"href":"https:\/\/na-bremen.de\/en\/wp-json\/wp\/v2\/types\/post"}],"author":[{"embeddable":true,"href":"https:\/\/na-bremen.de\/en\/wp-json\/wp\/v2\/users\/2"}],"replies":[{"embeddable":true,"href":"https:\/\/na-bremen.de\/en\/wp-json\/wp\/v2\/comments?post=4712"}],"version-history":[{"count":3,"href":"https:\/\/na-bremen.de\/en\/wp-json\/wp\/v2\/posts\/4712\/revisions"}],"predecessor-version":[{"id":4719,"href":"https:\/\/na-bremen.de\/en\/wp-json\/wp\/v2\/posts\/4712\/revisions\/4719"}],"wp:featuredmedia":[{"embeddable":true,"href":"https:\/\/na-bremen.de\/en\/wp-json\/wp\/v2\/media\/4717"}],"wp:attachment":[{"href":"https:\/\/na-bremen.de\/en\/wp-json\/wp\/v2\/media?parent=4712"}],"wp:term":[{"taxonomy":"category","embeddable":true,"href":"https:\/\/na-bremen.de\/en\/wp-json\/wp\/v2\/categories?post=4712"},{"taxonomy":"post_tag","embeddable":true,"href":"https:\/\/na-bremen.de\/en\/wp-json\/wp\/v2\/tags?post=4712"}],"curies":[{"name":"wp","href":"https:\/\/api.w.org\/{rel}","templated":true}]}}